{"id":27399,"date":"2016-06-14T17:05:07","date_gmt":"2016-06-14T17:05:07","guid":{"rendered":"http:\/\/monroedesign.se\/?p=27399"},"modified":"2016-10-05T16:28:31","modified_gmt":"2016-10-05T16:28:31","slug":"webbdesign-at-frisor-bara-vara","status":"publish","type":"post","link":"https:\/\/monroedesign.se\/en\/webbdesign-at-frisor-bara-vara\/","title":{"rendered":"Webbdesign \u00e5t fris\u00f6r Bara Vara"},"content":{"rendered":"<div id=\"cs-content\" class=\"cs-content\"><\/div>\n","protected":false},"excerpt":{"rendered":"","protected":false},"author":3,"featured_media":28909,"comment_status":"open","ping_status":"open","sticky":false,"template":"","format":"standard","meta":{"footnotes":""},"categories":[14,1497,3215,922,925,1322,2036,979,3221,928,3047,1502,1503,839,854,376,437,419,475,1570,1382,1386,2051,1507,1639],"tags":[3247,3250,3244,3246,3248,3249,3245,2119],"class_list":["post-27399","post","type-post","status-publish","format-standard","has-post-thumbnail","hentry","category-design-sv","category-design-av-hemsida","category-foretagsprofil","category-grafisk-design","category-grafisk-formgivning","category-grafisk-profil","category-hemsida-mobiltelefon","category-logotyp-2","category-logotyp-design-stockholm","category-marknadsforing","category-mobilanpassad-hemsida","category-responsiv-design","category-responsiv-wordpress","category-shabby-chic","category-skandinavisk-design","category-stockholm","category-svensk-design","category-sverige","category-typografi","category-typsnitt","category-utveckling-av-varumarke","category-webbdesign-3","category-webbsida-mobiltelefon","category-webbyra-i-stockholm","category-wordpress","tag-bra-webbdesign-frisor","tag-frisor-anna-jonsson","tag-frisor-bara-vara","tag-frisorsalong-webbsida","tag-hemsida-frisor","tag-hemsida-salong","tag-webbdesign-frisor","tag-webbdesign-stockholm"],"yoast_head":"<!-- This site is optimized with the Yoast SEO plugin v27.3 - https:\/\/yoast.com\/product\/yoast-seo-wordpress\/ -->\n<title>Webbdesign \u00e5t fris\u00f6r Bara Vara &#8226; MONROE DESIGN<\/title>\n<meta name=\"description\" content=\"En mobilanpassad webbsida f\u00f6r en fris\u00f6rsalong med avslappnat professionell atmosf\u00e4r, ekologiska produkter och noggranna fris\u00f6rer var m\u00e5let. S\u00e5 h\u00e4r blev den!\" \/>\n<meta name=\"robots\" content=\"index, follow, max-snippet:-1, max-image-preview:large, max-video-preview:-1\" \/>\n<link rel=\"canonical\" href=\"https:\/\/monroedesign.se\/en\/webbdesign-at-frisor-bara-vara\/\" \/>\n<meta property=\"og:locale\" content=\"en_US\" \/>\n<meta property=\"og:type\" content=\"article\" \/>\n<meta property=\"og:title\" content=\"Webbdesign \u00e5t fris\u00f6r Bara Vara i Kalmar - MONROE DESIGN\" \/>\n<meta property=\"og:description\" content=\"En mobilanpassad webbsida f\u00f6r en fris\u00f6rsalong med avslappnat professionell atmosf\u00e4r, ekologiska produkter och noggranna fris\u00f6rer var m\u00e5let. S\u00e5 h\u00e4r blev den!\" \/>\n<meta property=\"og:url\" content=\"https:\/\/monroedesign.se\/en\/webbdesign-at-frisor-bara-vara\/\" \/>\n<meta property=\"og:site_name\" content=\"MONROE DESIGN\" \/>\n<meta property=\"article:publisher\" content=\"https:\/\/www.facebook.com\/monroedesign.se\" \/>\n<meta property=\"article:author\" content=\"https:\/\/www.facebook.com\/AngelaMonroeDESIGN\/\" \/>\n<meta property=\"article:published_time\" content=\"2016-06-14T17:05:07+00:00\" \/>\n<meta property=\"article:modified_time\" content=\"2016-10-05T16:28:31+00:00\" \/>\n<meta name=\"author\" content=\"Monroe\" \/>\n<meta name=\"twitter:card\" content=\"summary_large_image\" \/>\n<meta name=\"twitter:title\" content=\"Webbdesign \u00e5t fris\u00f6r Bara Vara i Kalmar - MONROE DESIGN\" \/>\n<meta name=\"twitter:description\" content=\"En mobilanpassad webbsida f\u00f6r en fris\u00f6rsalong med avslappnat professionell atmosf\u00e4r, ekologiska produkter och noggranna fris\u00f6rer var m\u00e5let. S\u00e5 h\u00e4r blev den!\" \/>\n<meta name=\"twitter:image\" content=\"https:\/\/monroedesign.se\/wp-content\/uploads\/\/2016\/06\/1200x630_baravara_web_fb.jpg\" \/>\n<meta name=\"twitter:creator\" content=\"@MonroeOfSweden\" \/>\n<meta name=\"twitter:site\" content=\"@MonroeOfSweden\" \/>\n<meta name=\"twitter:label1\" content=\"Written by\" \/>\n\t<meta name=\"twitter:data1\" content=\"Monroe\" \/>\n\t<meta name=\"twitter:label2\" content=\"Est. reading time\" \/>\n\t<meta name=\"twitter:data2\" content=\"2 minutes\" \/>\n<script type=\"application\/ld+json\" class=\"yoast-schema-graph\">{\"@context\":\"https:\\\/\\\/schema.org\",\"@graph\":[{\"@type\":\"Article\",\"@id\":\"https:\\\/\\\/monroedesign.se\\\/en\\\/webbdesign-at-frisor-bara-vara\\\/#article\",\"isPartOf\":{\"@id\":\"https:\\\/\\\/monroedesign.se\\\/en\\\/webbdesign-at-frisor-bara-vara\\\/\"},\"author\":{\"name\":\"Monroe\",\"@id\":\"https:\\\/\\\/monroedesign.se\\\/en\\\/#\\\/schema\\\/person\\\/22231fcd12bd1d99ba2460ec2913e778\"},\"headline\":\"Webbdesign \u00e5t fris\u00f6r Bara Vara\",\"datePublished\":\"2016-06-14T17:05:07+00:00\",\"dateModified\":\"2016-10-05T16:28:31+00:00\",\"mainEntityOfPage\":{\"@id\":\"https:\\\/\\\/monroedesign.se\\\/en\\\/webbdesign-at-frisor-bara-vara\\\/\"},\"wordCount\":339,\"commentCount\":0,\"publisher\":{\"@id\":\"https:\\\/\\\/monroedesign.se\\\/en\\\/#organization\"},\"image\":{\"@id\":\"https:\\\/\\\/monroedesign.se\\\/en\\\/webbdesign-at-frisor-bara-vara\\\/#primaryimage\"},\"thumbnailUrl\":\"https:\\\/\\\/monroedesign.se\\\/wp-content\\\/uploads\\\/2016\\\/06\\\/1040_portfolio_web_respon_baravara.jpg\",\"keywords\":[\"bra webbdesign fris\u00f6r\",\"Fris\u00f6r Anna J\u00f6nsson\",\"Fris\u00f6r Bara Vara\",\"Fris\u00f6rsalong webbsida\",\"hemsida fris\u00f6r\",\"hemsida salong\",\"Webbdesign fris\u00f6r\",\"webbdesign stockholm\"],\"articleSection\":[\"design\",\"design av hemsida\",\"f\u00f6retagsprofil\",\"grafisk design\",\"grafisk formgivning\",\"grafisk profil\",\"hemsida mobiltelefon\",\"logotyp\",\"logotyp design Stockholm\",\"marknadsf\u00f6ring\",\"mobilanpassad hemsida\",\"responsiv design\",\"responsiv wordpress\",\"shabby chic\",\"skandinavisk design\",\"stockholm\",\"svensk design\",\"sverige\",\"typografi\",\"typsnitt\",\"utveckling av varum\u00e4rke\",\"webbdesign\",\"webbsida mobiltelefon\",\"webbyr\u00e5 i Stockholm\",\"wordpress\"],\"inLanguage\":\"en-US\",\"potentialAction\":[{\"@type\":\"CommentAction\",\"name\":\"Comment\",\"target\":[\"https:\\\/\\\/monroedesign.se\\\/en\\\/webbdesign-at-frisor-bara-vara\\\/#respond\"]}]},{\"@type\":\"WebPage\",\"@id\":\"https:\\\/\\\/monroedesign.se\\\/en\\\/webbdesign-at-frisor-bara-vara\\\/\",\"url\":\"https:\\\/\\\/monroedesign.se\\\/en\\\/webbdesign-at-frisor-bara-vara\\\/\",\"name\":\"Webbdesign \u00e5t fris\u00f6r Bara Vara &#8226; MONROE DESIGN\",\"isPartOf\":{\"@id\":\"https:\\\/\\\/monroedesign.se\\\/en\\\/#website\"},\"primaryImageOfPage\":{\"@id\":\"https:\\\/\\\/monroedesign.se\\\/en\\\/webbdesign-at-frisor-bara-vara\\\/#primaryimage\"},\"image\":{\"@id\":\"https:\\\/\\\/monroedesign.se\\\/en\\\/webbdesign-at-frisor-bara-vara\\\/#primaryimage\"},\"thumbnailUrl\":\"https:\\\/\\\/monroedesign.se\\\/wp-content\\\/uploads\\\/2016\\\/06\\\/1040_portfolio_web_respon_baravara.jpg\",\"datePublished\":\"2016-06-14T17:05:07+00:00\",\"dateModified\":\"2016-10-05T16:28:31+00:00\",\"description\":\"En mobilanpassad webbsida f\u00f6r en fris\u00f6rsalong med avslappnat professionell atmosf\u00e4r, ekologiska produkter och noggranna fris\u00f6rer var m\u00e5let. S\u00e5 h\u00e4r blev den!\",\"breadcrumb\":{\"@id\":\"https:\\\/\\\/monroedesign.se\\\/en\\\/webbdesign-at-frisor-bara-vara\\\/#breadcrumb\"},\"inLanguage\":\"en-US\",\"potentialAction\":[{\"@type\":\"ReadAction\",\"target\":[\"https:\\\/\\\/monroedesign.se\\\/en\\\/webbdesign-at-frisor-bara-vara\\\/\"]}]},{\"@type\":\"ImageObject\",\"inLanguage\":\"en-US\",\"@id\":\"https:\\\/\\\/monroedesign.se\\\/en\\\/webbdesign-at-frisor-bara-vara\\\/#primaryimage\",\"url\":\"https:\\\/\\\/monroedesign.se\\\/wp-content\\\/uploads\\\/2016\\\/06\\\/1040_portfolio_web_respon_baravara.jpg\",\"contentUrl\":\"https:\\\/\\\/monroedesign.se\\\/wp-content\\\/uploads\\\/2016\\\/06\\\/1040_portfolio_web_respon_baravara.jpg\",\"width\":1040,\"height\":650,\"caption\":\"webbdesign \u00e5t Fris\u00f6r Bara Vara i Kalmar - av MONROE DESIGN i Stockholm\"},{\"@type\":\"BreadcrumbList\",\"@id\":\"https:\\\/\\\/monroedesign.se\\\/en\\\/webbdesign-at-frisor-bara-vara\\\/#breadcrumb\",\"itemListElement\":[{\"@type\":\"ListItem\",\"position\":1,\"name\":\"Hem\",\"item\":\"https:\\\/\\\/monroedesign.se\\\/en\\\/web-design-stockholm-graphic-design-decal-monroe-design-ab\\\/\"},{\"@type\":\"ListItem\",\"position\":2,\"name\":\"Webbdesign \u00e5t fris\u00f6r Bara Vara\"}]},{\"@type\":\"WebSite\",\"@id\":\"https:\\\/\\\/monroedesign.se\\\/en\\\/#website\",\"url\":\"https:\\\/\\\/monroedesign.se\\\/en\\\/\",\"name\":\"MONROE DESIGN\",\"description\":\"Web design and graphic design of print in Stockholm\",\"publisher\":{\"@id\":\"https:\\\/\\\/monroedesign.se\\\/en\\\/#organization\"},\"potentialAction\":[{\"@type\":\"SearchAction\",\"target\":{\"@type\":\"EntryPoint\",\"urlTemplate\":\"https:\\\/\\\/monroedesign.se\\\/en\\\/?s={search_term_string}\"},\"query-input\":{\"@type\":\"PropertyValueSpecification\",\"valueRequired\":true,\"valueName\":\"search_term_string\"}}],\"inLanguage\":\"en-US\"},{\"@type\":\"Organization\",\"@id\":\"https:\\\/\\\/monroedesign.se\\\/en\\\/#organization\",\"name\":\"Monroe Design AB\",\"url\":\"https:\\\/\\\/monroedesign.se\\\/en\\\/\",\"logo\":{\"@type\":\"ImageObject\",\"inLanguage\":\"en-US\",\"@id\":\"https:\\\/\\\/monroedesign.se\\\/en\\\/#\\\/schema\\\/logo\\\/image\\\/\",\"url\":\"https:\\\/\\\/monroedesign.se\\\/wp-content\\\/uploads\\\/2019\\\/07\\\/1040_monroe_design_logo_black_mint_hex.jpg\",\"contentUrl\":\"https:\\\/\\\/monroedesign.se\\\/wp-content\\\/uploads\\\/2019\\\/07\\\/1040_monroe_design_logo_black_mint_hex.jpg\",\"width\":1040,\"height\":650,\"caption\":\"Monroe Design AB\"},\"image\":{\"@id\":\"https:\\\/\\\/monroedesign.se\\\/en\\\/#\\\/schema\\\/logo\\\/image\\\/\"},\"sameAs\":[\"https:\\\/\\\/www.facebook.com\\\/monroedesign.se\",\"https:\\\/\\\/x.com\\\/MonroeOfSweden\",\"https:\\\/\\\/www.instagram.com\\\/monroedesign\\\/\",\"https:\\\/\\\/www.linkedin.com\\\/in\\\/monroedesign\"]},{\"@type\":\"Person\",\"@id\":\"https:\\\/\\\/monroedesign.se\\\/en\\\/#\\\/schema\\\/person\\\/22231fcd12bd1d99ba2460ec2913e778\",\"name\":\"Monroe\",\"image\":{\"@type\":\"ImageObject\",\"inLanguage\":\"en-US\",\"@id\":\"https:\\\/\\\/secure.gravatar.com\\\/avatar\\\/047376de80362a4a74aefa8d5d3d924b6289cb726ab8b77677e46dc207bc8ef2?s=96&d=mm&r=g\",\"url\":\"https:\\\/\\\/secure.gravatar.com\\\/avatar\\\/047376de80362a4a74aefa8d5d3d924b6289cb726ab8b77677e46dc207bc8ef2?s=96&d=mm&r=g\",\"contentUrl\":\"https:\\\/\\\/secure.gravatar.com\\\/avatar\\\/047376de80362a4a74aefa8d5d3d924b6289cb726ab8b77677e46dc207bc8ef2?s=96&d=mm&r=g\",\"caption\":\"Monroe\"},\"description\":\"Swedish graphic designer doing print, webdesign and custom wall decals.\",\"sameAs\":[\"https:\\\/\\\/monroedesign.se\",\"https:\\\/\\\/www.facebook.com\\\/AngelaMonroeDESIGN\\\/\",\"https:\\\/\\\/x.com\\\/@MonroeOfSweden\"],\"url\":\"https:\\\/\\\/monroedesign.se\\\/en\\\/author\\\/angela-monroe\\\/\"}]}<\/script>\n<!-- \/ Yoast SEO plugin. -->","yoast_head_json":{"title":"Webbdesign \u00e5t fris\u00f6r Bara Vara &#8226; MONROE DESIGN","description":"En mobilanpassad webbsida f\u00f6r en fris\u00f6rsalong med avslappnat professionell atmosf\u00e4r, ekologiska produkter och noggranna fris\u00f6rer var m\u00e5let. S\u00e5 h\u00e4r blev den!","robots":{"index":"index","follow":"follow","max-snippet":"max-snippet:-1","max-image-preview":"max-image-preview:large","max-video-preview":"max-video-preview:-1"},"canonical":"https:\/\/monroedesign.se\/en\/webbdesign-at-frisor-bara-vara\/","og_locale":"en_US","og_type":"article","og_title":"Webbdesign \u00e5t fris\u00f6r Bara Vara i Kalmar - MONROE DESIGN","og_description":"En mobilanpassad webbsida f\u00f6r en fris\u00f6rsalong med avslappnat professionell atmosf\u00e4r, ekologiska produkter och noggranna fris\u00f6rer var m\u00e5let. S\u00e5 h\u00e4r blev den!","og_url":"https:\/\/monroedesign.se\/en\/webbdesign-at-frisor-bara-vara\/","og_site_name":"MONROE DESIGN","article_publisher":"https:\/\/www.facebook.com\/monroedesign.se","article_author":"https:\/\/www.facebook.com\/AngelaMonroeDESIGN\/","article_published_time":"2016-06-14T17:05:07+00:00","article_modified_time":"2016-10-05T16:28:31+00:00","author":"Monroe","twitter_card":"summary_large_image","twitter_title":"Webbdesign \u00e5t fris\u00f6r Bara Vara i Kalmar - MONROE DESIGN","twitter_description":"En mobilanpassad webbsida f\u00f6r en fris\u00f6rsalong med avslappnat professionell atmosf\u00e4r, ekologiska produkter och noggranna fris\u00f6rer var m\u00e5let. S\u00e5 h\u00e4r blev den!","twitter_image":"https:\/\/monroedesign.se\/wp-content\/uploads\/\/2016\/06\/1200x630_baravara_web_fb.jpg","twitter_creator":"@MonroeOfSweden","twitter_site":"@MonroeOfSweden","twitter_misc":{"Written by":"Monroe","Est. reading time":"2 minutes"},"schema":{"@context":"https:\/\/schema.org","@graph":[{"@type":"Article","@id":"https:\/\/monroedesign.se\/en\/webbdesign-at-frisor-bara-vara\/#article","isPartOf":{"@id":"https:\/\/monroedesign.se\/en\/webbdesign-at-frisor-bara-vara\/"},"author":{"name":"Monroe","@id":"https:\/\/monroedesign.se\/en\/#\/schema\/person\/22231fcd12bd1d99ba2460ec2913e778"},"headline":"Webbdesign \u00e5t fris\u00f6r Bara Vara","datePublished":"2016-06-14T17:05:07+00:00","dateModified":"2016-10-05T16:28:31+00:00","mainEntityOfPage":{"@id":"https:\/\/monroedesign.se\/en\/webbdesign-at-frisor-bara-vara\/"},"wordCount":339,"commentCount":0,"publisher":{"@id":"https:\/\/monroedesign.se\/en\/#organization"},"image":{"@id":"https:\/\/monroedesign.se\/en\/webbdesign-at-frisor-bara-vara\/#primaryimage"},"thumbnailUrl":"https:\/\/monroedesign.se\/wp-content\/uploads\/2016\/06\/1040_portfolio_web_respon_baravara.jpg","keywords":["bra webbdesign fris\u00f6r","Fris\u00f6r Anna J\u00f6nsson","Fris\u00f6r Bara Vara","Fris\u00f6rsalong webbsida","hemsida fris\u00f6r","hemsida salong","Webbdesign fris\u00f6r","webbdesign stockholm"],"articleSection":["design","design av hemsida","f\u00f6retagsprofil","grafisk design","grafisk formgivning","grafisk profil","hemsida mobiltelefon","logotyp","logotyp design Stockholm","marknadsf\u00f6ring","mobilanpassad hemsida","responsiv design","responsiv wordpress","shabby chic","skandinavisk design","stockholm","svensk design","sverige","typografi","typsnitt","utveckling av varum\u00e4rke","webbdesign","webbsida mobiltelefon","webbyr\u00e5 i Stockholm","wordpress"],"inLanguage":"en-US","potentialAction":[{"@type":"CommentAction","name":"Comment","target":["https:\/\/monroedesign.se\/en\/webbdesign-at-frisor-bara-vara\/#respond"]}]},{"@type":"WebPage","@id":"https:\/\/monroedesign.se\/en\/webbdesign-at-frisor-bara-vara\/","url":"https:\/\/monroedesign.se\/en\/webbdesign-at-frisor-bara-vara\/","name":"Webbdesign \u00e5t fris\u00f6r Bara Vara &#8226; MONROE DESIGN","isPartOf":{"@id":"https:\/\/monroedesign.se\/en\/#website"},"primaryImageOfPage":{"@id":"https:\/\/monroedesign.se\/en\/webbdesign-at-frisor-bara-vara\/#primaryimage"},"image":{"@id":"https:\/\/monroedesign.se\/en\/webbdesign-at-frisor-bara-vara\/#primaryimage"},"thumbnailUrl":"https:\/\/monroedesign.se\/wp-content\/uploads\/2016\/06\/1040_portfolio_web_respon_baravara.jpg","datePublished":"2016-06-14T17:05:07+00:00","dateModified":"2016-10-05T16:28:31+00:00","description":"En mobilanpassad webbsida f\u00f6r en fris\u00f6rsalong med avslappnat professionell atmosf\u00e4r, ekologiska produkter och noggranna fris\u00f6rer var m\u00e5let. S\u00e5 h\u00e4r blev den!","breadcrumb":{"@id":"https:\/\/monroedesign.se\/en\/webbdesign-at-frisor-bara-vara\/#breadcrumb"},"inLanguage":"en-US","potentialAction":[{"@type":"ReadAction","target":["https:\/\/monroedesign.se\/en\/webbdesign-at-frisor-bara-vara\/"]}]},{"@type":"ImageObject","inLanguage":"en-US","@id":"https:\/\/monroedesign.se\/en\/webbdesign-at-frisor-bara-vara\/#primaryimage","url":"https:\/\/monroedesign.se\/wp-content\/uploads\/2016\/06\/1040_portfolio_web_respon_baravara.jpg","contentUrl":"https:\/\/monroedesign.se\/wp-content\/uploads\/2016\/06\/1040_portfolio_web_respon_baravara.jpg","width":1040,"height":650,"caption":"webbdesign \u00e5t Fris\u00f6r Bara Vara i Kalmar - av MONROE DESIGN i Stockholm"},{"@type":"BreadcrumbList","@id":"https:\/\/monroedesign.se\/en\/webbdesign-at-frisor-bara-vara\/#breadcrumb","itemListElement":[{"@type":"ListItem","position":1,"name":"Hem","item":"https:\/\/monroedesign.se\/en\/web-design-stockholm-graphic-design-decal-monroe-design-ab\/"},{"@type":"ListItem","position":2,"name":"Webbdesign \u00e5t fris\u00f6r Bara Vara"}]},{"@type":"WebSite","@id":"https:\/\/monroedesign.se\/en\/#website","url":"https:\/\/monroedesign.se\/en\/","name":"MONROE DESIGN","description":"Web design and graphic design of print in Stockholm","publisher":{"@id":"https:\/\/monroedesign.se\/en\/#organization"},"potentialAction":[{"@type":"SearchAction","target":{"@type":"EntryPoint","urlTemplate":"https:\/\/monroedesign.se\/en\/?s={search_term_string}"},"query-input":{"@type":"PropertyValueSpecification","valueRequired":true,"valueName":"search_term_string"}}],"inLanguage":"en-US"},{"@type":"Organization","@id":"https:\/\/monroedesign.se\/en\/#organization","name":"Monroe Design AB","url":"https:\/\/monroedesign.se\/en\/","logo":{"@type":"ImageObject","inLanguage":"en-US","@id":"https:\/\/monroedesign.se\/en\/#\/schema\/logo\/image\/","url":"https:\/\/monroedesign.se\/wp-content\/uploads\/2019\/07\/1040_monroe_design_logo_black_mint_hex.jpg","contentUrl":"https:\/\/monroedesign.se\/wp-content\/uploads\/2019\/07\/1040_monroe_design_logo_black_mint_hex.jpg","width":1040,"height":650,"caption":"Monroe Design AB"},"image":{"@id":"https:\/\/monroedesign.se\/en\/#\/schema\/logo\/image\/"},"sameAs":["https:\/\/www.facebook.com\/monroedesign.se","https:\/\/x.com\/MonroeOfSweden","https:\/\/www.instagram.com\/monroedesign\/","https:\/\/www.linkedin.com\/in\/monroedesign"]},{"@type":"Person","@id":"https:\/\/monroedesign.se\/en\/#\/schema\/person\/22231fcd12bd1d99ba2460ec2913e778","name":"Monroe","image":{"@type":"ImageObject","inLanguage":"en-US","@id":"https:\/\/secure.gravatar.com\/avatar\/047376de80362a4a74aefa8d5d3d924b6289cb726ab8b77677e46dc207bc8ef2?s=96&d=mm&r=g","url":"https:\/\/secure.gravatar.com\/avatar\/047376de80362a4a74aefa8d5d3d924b6289cb726ab8b77677e46dc207bc8ef2?s=96&d=mm&r=g","contentUrl":"https:\/\/secure.gravatar.com\/avatar\/047376de80362a4a74aefa8d5d3d924b6289cb726ab8b77677e46dc207bc8ef2?s=96&d=mm&r=g","caption":"Monroe"},"description":"Swedish graphic designer doing print, webdesign and custom wall decals.","sameAs":["https:\/\/monroedesign.se","https:\/\/www.facebook.com\/AngelaMonroeDESIGN\/","https:\/\/x.com\/@MonroeOfSweden"],"url":"https:\/\/monroedesign.se\/en\/author\/angela-monroe\/"}]}},"_links":{"self":[{"href":"https:\/\/monroedesign.se\/en\/wp-json\/wp\/v2\/posts\/27399","targetHints":{"allow":["GET"]}}],"collection":[{"href":"https:\/\/monroedesign.se\/en\/wp-json\/wp\/v2\/posts"}],"about":[{"href":"https:\/\/monroedesign.se\/en\/wp-json\/wp\/v2\/types\/post"}],"author":[{"embeddable":true,"href":"https:\/\/monroedesign.se\/en\/wp-json\/wp\/v2\/users\/3"}],"replies":[{"embeddable":true,"href":"https:\/\/monroedesign.se\/en\/wp-json\/wp\/v2\/comments?post=27399"}],"version-history":[{"count":0,"href":"https:\/\/monroedesign.se\/en\/wp-json\/wp\/v2\/posts\/27399\/revisions"}],"wp:featuredmedia":[{"embeddable":true,"href":"https:\/\/monroedesign.se\/en\/wp-json\/wp\/v2\/media\/28909"}],"wp:attachment":[{"href":"https:\/\/monroedesign.se\/en\/wp-json\/wp\/v2\/media?parent=27399"}],"wp:term":[{"taxonomy":"category","embeddable":true,"href":"https:\/\/monroedesign.se\/en\/wp-json\/wp\/v2\/categories?post=27399"},{"taxonomy":"post_tag","embeddable":true,"href":"https:\/\/monroedesign.se\/en\/wp-json\/wp\/v2\/tags?post=27399"}],"curies":[{"name":"wp","href":"https:\/\/api.w.org\/{rel}","templated":true}]}}