{"id":26944,"date":"2015-10-05T14:33:41","date_gmt":"2015-10-05T14:33:41","guid":{"rendered":"http:\/\/monroedesign.se\/?p=26944"},"modified":"2016-08-23T22:12:49","modified_gmt":"2016-08-23T22:12:49","slug":"vaggdekor-med-foretagsprofil-i-stockholm","status":"publish","type":"post","link":"https:\/\/monroedesign.se\/en\/vaggdekor-med-foretagsprofil-i-stockholm\/","title":{"rendered":"V\u00e4ggdekor med f\u00f6retagsprofil i Stockholm"},"content":{"rendered":"<div id=\"cs-content\" class=\"cs-content\"><\/div>\n","protected":false},"excerpt":{"rendered":"","protected":false},"author":3,"featured_media":26947,"comment_status":"open","ping_status":"open","sticky":false,"template":"","format":"standard","meta":{"footnotes":""},"categories":[1576,1380,899,1046,3215,922,1322,907,979,2364,404,1082,2099,1,376,1333,817,1054,3085,241,339,341,259,1383,1384],"tags":[3218,3217,3216,3220,3219],"class_list":["post-26944","post","type-post","status-publish","format-standard","has-post-thumbnail","hentry","category-adobe-illustrator-2","category-branding-2","category-butikdesign","category-design-pa-glas","category-foretagsprofil","category-grafisk-design","category-grafisk-profil","category-inredning-i-butik","category-logotyp-2","category-logotyp-pa-vagg-stockholm","category-malning","category-montage-av-vaggdekor","category-montera-vaggdekor","category-okategoriserat-sv-sv","category-stockholm","category-trycksaker","category-unik-annorlunda","category-utskuren-vinyl","category-vaggdekal","category-vaggdekor","category-vaggdekoration","category-vaggmalning","category-vaggord","category-varumarke","category-vektorgrafik","tag-branding-lokal-stockholm","tag-foretagsprofil-lokal","tag-pixpro-stockholm","tag-vaggdekaler-pa-pixpro","tag-varumarkesprofil-vaggar"],"yoast_head":"<!-- This site is optimized with the Yoast SEO plugin v27.3 - https:\/\/yoast.com\/product\/yoast-seo-wordpress\/ -->\n<title>V\u00e4ggdekor f\u00f6retagsprofil i Stockholm - MONROE DESIGN<\/title>\n<meta name=\"description\" content=\"Vilket lyft det blir n\u00e4r f\u00f6retag v\u00e5gar satsa p\u00e5 profilerande v\u00e4ggdekor i sina lokaler! Pixpro hade vita v\u00e4ggar innan vi monterade dessa r\u00e4tt v\u00e5gade dekorer.\" \/>\n<meta name=\"robots\" content=\"index, follow, max-snippet:-1, max-image-preview:large, max-video-preview:-1\" \/>\n<link rel=\"canonical\" href=\"https:\/\/monroedesign.se\/en\/vaggdekor-med-foretagsprofil-i-stockholm\/\" \/>\n<meta property=\"og:locale\" content=\"en_US\" \/>\n<meta property=\"og:type\" content=\"article\" \/>\n<meta property=\"og:title\" content=\"V\u00e4ggdekor med f\u00f6retagsprofil i Stockholm - MONROE DESIGN\" \/>\n<meta property=\"og:description\" content=\"Vilket lyft det blir n\u00e4r f\u00f6retag v\u00e5gar satsa p\u00e5 profilerande v\u00e4ggdekor i sina lokaler! Pixpro hade vita v\u00e4ggar innan vi monterade dessa r\u00e4tt v\u00e5gade dekorer.\" \/>\n<meta property=\"og:url\" content=\"https:\/\/monroedesign.se\/en\/vaggdekor-med-foretagsprofil-i-stockholm\/\" \/>\n<meta property=\"og:site_name\" content=\"MONROE DESIGN\" \/>\n<meta property=\"article:publisher\" content=\"https:\/\/www.facebook.com\/monroedesign.se\" \/>\n<meta property=\"article:author\" content=\"https:\/\/www.facebook.com\/AngelaMonroeDESIGN\/\" \/>\n<meta property=\"article:published_time\" content=\"2015-10-05T14:33:41+00:00\" \/>\n<meta property=\"article:modified_time\" content=\"2016-08-23T22:12:49+00:00\" \/>\n<meta name=\"author\" content=\"Monroe\" \/>\n<meta name=\"twitter:card\" content=\"summary_large_image\" \/>\n<meta name=\"twitter:title\" content=\"V\u00e4ggdekor med f\u00f6retagsprofil i Stockholm - MONROE DESIGN\" \/>\n<meta name=\"twitter:description\" content=\"Vilket lyft det blir n\u00e4r f\u00f6retag v\u00e5gar satsa p\u00e5 profilerande v\u00e4ggdekor i sina lokaler! Pixpro hade vita v\u00e4ggar innan vi monterade dessa r\u00e4tt v\u00e5gade dekorer.\" \/>\n<meta name=\"twitter:image\" content=\"https:\/\/monroedesign.se\/wp-content\/uploads\/\/2015\/10\/1200x628_pixpro_vaggdekal_monroedesign_fb.jpg\" \/>\n<meta name=\"twitter:creator\" content=\"@MonroeOfSweden\" \/>\n<meta name=\"twitter:site\" content=\"@MonroeOfSweden\" \/>\n<meta name=\"twitter:label1\" content=\"Written by\" \/>\n\t<meta name=\"twitter:data1\" content=\"Monroe\" \/>\n\t<meta name=\"twitter:label2\" content=\"Est. reading time\" \/>\n\t<meta name=\"twitter:data2\" content=\"2 minutes\" \/>\n<script type=\"application\/ld+json\" class=\"yoast-schema-graph\">{\"@context\":\"https:\\\/\\\/schema.org\",\"@graph\":[{\"@type\":\"Article\",\"@id\":\"https:\\\/\\\/monroedesign.se\\\/en\\\/vaggdekor-med-foretagsprofil-i-stockholm\\\/#article\",\"isPartOf\":{\"@id\":\"https:\\\/\\\/monroedesign.se\\\/en\\\/vaggdekor-med-foretagsprofil-i-stockholm\\\/\"},\"author\":{\"name\":\"Monroe\",\"@id\":\"https:\\\/\\\/monroedesign.se\\\/en\\\/#\\\/schema\\\/person\\\/22231fcd12bd1d99ba2460ec2913e778\"},\"headline\":\"V\u00e4ggdekor med f\u00f6retagsprofil i Stockholm\",\"datePublished\":\"2015-10-05T14:33:41+00:00\",\"dateModified\":\"2016-08-23T22:12:49+00:00\",\"mainEntityOfPage\":{\"@id\":\"https:\\\/\\\/monroedesign.se\\\/en\\\/vaggdekor-med-foretagsprofil-i-stockholm\\\/\"},\"wordCount\":434,\"commentCount\":2,\"publisher\":{\"@id\":\"https:\\\/\\\/monroedesign.se\\\/en\\\/#organization\"},\"image\":{\"@id\":\"https:\\\/\\\/monroedesign.se\\\/en\\\/vaggdekor-med-foretagsprofil-i-stockholm\\\/#primaryimage\"},\"thumbnailUrl\":\"https:\\\/\\\/monroedesign.se\\\/wp-content\\\/uploads\\\/2015\\\/10\\\/770_pixpro_logotyp_dekal_entre_monroedesign.jpg\",\"keywords\":[\"branding lokal Stockholm\",\"f\u00f6retagsprofil lokal\",\"Pixpro Stockholm\",\"v\u00e4ggdekaler p\u00e5 Pixpro\",\"varum\u00e4rkesprofil v\u00e4ggar\"],\"articleSection\":[\"adobe illustrator\",\"branding\",\"butikdesign\",\"design p\u00e5 glas\",\"f\u00f6retagsprofil\",\"grafisk design\",\"grafisk profil\",\"inredning i butik\",\"logotyp\",\"logotyp p\u00e5 v\u00e4gg Stockholm\",\"m\u00e5lning\",\"montage av v\u00e4ggdekor\",\"montera v\u00e4ggdekor\",\"okategoriserat\",\"stockholm\",\"trycksaker\",\"unik &amp; annorlunda\",\"utskuren vinyl\",\"v\u00e4ggdekal\",\"v\u00e4ggdekor\",\"v\u00e4ggdekoration\",\"v\u00e4ggm\u00e5lning\",\"v\u00e4ggord\",\"varum\u00e4rke\",\"vektorgrafik\"],\"inLanguage\":\"en-US\",\"potentialAction\":[{\"@type\":\"CommentAction\",\"name\":\"Comment\",\"target\":[\"https:\\\/\\\/monroedesign.se\\\/en\\\/vaggdekor-med-foretagsprofil-i-stockholm\\\/#respond\"]}]},{\"@type\":\"WebPage\",\"@id\":\"https:\\\/\\\/monroedesign.se\\\/en\\\/vaggdekor-med-foretagsprofil-i-stockholm\\\/\",\"url\":\"https:\\\/\\\/monroedesign.se\\\/en\\\/vaggdekor-med-foretagsprofil-i-stockholm\\\/\",\"name\":\"V\u00e4ggdekor f\u00f6retagsprofil i Stockholm - MONROE DESIGN\",\"isPartOf\":{\"@id\":\"https:\\\/\\\/monroedesign.se\\\/en\\\/#website\"},\"primaryImageOfPage\":{\"@id\":\"https:\\\/\\\/monroedesign.se\\\/en\\\/vaggdekor-med-foretagsprofil-i-stockholm\\\/#primaryimage\"},\"image\":{\"@id\":\"https:\\\/\\\/monroedesign.se\\\/en\\\/vaggdekor-med-foretagsprofil-i-stockholm\\\/#primaryimage\"},\"thumbnailUrl\":\"https:\\\/\\\/monroedesign.se\\\/wp-content\\\/uploads\\\/2015\\\/10\\\/770_pixpro_logotyp_dekal_entre_monroedesign.jpg\",\"datePublished\":\"2015-10-05T14:33:41+00:00\",\"dateModified\":\"2016-08-23T22:12:49+00:00\",\"description\":\"Vilket lyft det blir n\u00e4r f\u00f6retag v\u00e5gar satsa p\u00e5 profilerande v\u00e4ggdekor i sina lokaler! Pixpro hade vita v\u00e4ggar innan vi monterade dessa r\u00e4tt v\u00e5gade dekorer.\",\"breadcrumb\":{\"@id\":\"https:\\\/\\\/monroedesign.se\\\/en\\\/vaggdekor-med-foretagsprofil-i-stockholm\\\/#breadcrumb\"},\"inLanguage\":\"en-US\",\"potentialAction\":[{\"@type\":\"ReadAction\",\"target\":[\"https:\\\/\\\/monroedesign.se\\\/en\\\/vaggdekor-med-foretagsprofil-i-stockholm\\\/\"]}]},{\"@type\":\"ImageObject\",\"inLanguage\":\"en-US\",\"@id\":\"https:\\\/\\\/monroedesign.se\\\/en\\\/vaggdekor-med-foretagsprofil-i-stockholm\\\/#primaryimage\",\"url\":\"https:\\\/\\\/monroedesign.se\\\/wp-content\\\/uploads\\\/2015\\\/10\\\/770_pixpro_logotyp_dekal_entre_monroedesign.jpg\",\"contentUrl\":\"https:\\\/\\\/monroedesign.se\\\/wp-content\\\/uploads\\\/2015\\\/10\\\/770_pixpro_logotyp_dekal_entre_monroedesign.jpg\",\"width\":770,\"height\":475,\"caption\":\"Profil v\u00e4ggdekor i entr\u00e9 hos f\u00f6retaget Pixpro i Stockholm - MONROE DESIGN\"},{\"@type\":\"BreadcrumbList\",\"@id\":\"https:\\\/\\\/monroedesign.se\\\/en\\\/vaggdekor-med-foretagsprofil-i-stockholm\\\/#breadcrumb\",\"itemListElement\":[{\"@type\":\"ListItem\",\"position\":1,\"name\":\"Hem\",\"item\":\"https:\\\/\\\/monroedesign.se\\\/en\\\/web-design-stockholm-graphic-design-decal-monroe-design-ab\\\/\"},{\"@type\":\"ListItem\",\"position\":2,\"name\":\"V\u00e4ggdekor med f\u00f6retagsprofil i Stockholm\"}]},{\"@type\":\"WebSite\",\"@id\":\"https:\\\/\\\/monroedesign.se\\\/en\\\/#website\",\"url\":\"https:\\\/\\\/monroedesign.se\\\/en\\\/\",\"name\":\"MONROE DESIGN\",\"description\":\"Web design and graphic design of print in Stockholm\",\"publisher\":{\"@id\":\"https:\\\/\\\/monroedesign.se\\\/en\\\/#organization\"},\"potentialAction\":[{\"@type\":\"SearchAction\",\"target\":{\"@type\":\"EntryPoint\",\"urlTemplate\":\"https:\\\/\\\/monroedesign.se\\\/en\\\/?s={search_term_string}\"},\"query-input\":{\"@type\":\"PropertyValueSpecification\",\"valueRequired\":true,\"valueName\":\"search_term_string\"}}],\"inLanguage\":\"en-US\"},{\"@type\":\"Organization\",\"@id\":\"https:\\\/\\\/monroedesign.se\\\/en\\\/#organization\",\"name\":\"Monroe Design AB\",\"url\":\"https:\\\/\\\/monroedesign.se\\\/en\\\/\",\"logo\":{\"@type\":\"ImageObject\",\"inLanguage\":\"en-US\",\"@id\":\"https:\\\/\\\/monroedesign.se\\\/en\\\/#\\\/schema\\\/logo\\\/image\\\/\",\"url\":\"https:\\\/\\\/monroedesign.se\\\/wp-content\\\/uploads\\\/2019\\\/07\\\/1040_monroe_design_logo_black_mint_hex.jpg\",\"contentUrl\":\"https:\\\/\\\/monroedesign.se\\\/wp-content\\\/uploads\\\/2019\\\/07\\\/1040_monroe_design_logo_black_mint_hex.jpg\",\"width\":1040,\"height\":650,\"caption\":\"Monroe Design AB\"},\"image\":{\"@id\":\"https:\\\/\\\/monroedesign.se\\\/en\\\/#\\\/schema\\\/logo\\\/image\\\/\"},\"sameAs\":[\"https:\\\/\\\/www.facebook.com\\\/monroedesign.se\",\"https:\\\/\\\/x.com\\\/MonroeOfSweden\",\"https:\\\/\\\/www.instagram.com\\\/monroedesign\\\/\",\"https:\\\/\\\/www.linkedin.com\\\/in\\\/monroedesign\"]},{\"@type\":\"Person\",\"@id\":\"https:\\\/\\\/monroedesign.se\\\/en\\\/#\\\/schema\\\/person\\\/22231fcd12bd1d99ba2460ec2913e778\",\"name\":\"Monroe\",\"image\":{\"@type\":\"ImageObject\",\"inLanguage\":\"en-US\",\"@id\":\"https:\\\/\\\/secure.gravatar.com\\\/avatar\\\/047376de80362a4a74aefa8d5d3d924b6289cb726ab8b77677e46dc207bc8ef2?s=96&d=mm&r=g\",\"url\":\"https:\\\/\\\/secure.gravatar.com\\\/avatar\\\/047376de80362a4a74aefa8d5d3d924b6289cb726ab8b77677e46dc207bc8ef2?s=96&d=mm&r=g\",\"contentUrl\":\"https:\\\/\\\/secure.gravatar.com\\\/avatar\\\/047376de80362a4a74aefa8d5d3d924b6289cb726ab8b77677e46dc207bc8ef2?s=96&d=mm&r=g\",\"caption\":\"Monroe\"},\"description\":\"Swedish graphic designer doing print, webdesign and custom wall decals.\",\"sameAs\":[\"https:\\\/\\\/monroedesign.se\",\"https:\\\/\\\/www.facebook.com\\\/AngelaMonroeDESIGN\\\/\",\"https:\\\/\\\/x.com\\\/@MonroeOfSweden\"],\"url\":\"https:\\\/\\\/monroedesign.se\\\/en\\\/author\\\/angela-monroe\\\/\"}]}<\/script>\n<!-- \/ Yoast SEO plugin. -->","yoast_head_json":{"title":"V\u00e4ggdekor f\u00f6retagsprofil i Stockholm - MONROE DESIGN","description":"Vilket lyft det blir n\u00e4r f\u00f6retag v\u00e5gar satsa p\u00e5 profilerande v\u00e4ggdekor i sina lokaler! Pixpro hade vita v\u00e4ggar innan vi monterade dessa r\u00e4tt v\u00e5gade dekorer.","robots":{"index":"index","follow":"follow","max-snippet":"max-snippet:-1","max-image-preview":"max-image-preview:large","max-video-preview":"max-video-preview:-1"},"canonical":"https:\/\/monroedesign.se\/en\/vaggdekor-med-foretagsprofil-i-stockholm\/","og_locale":"en_US","og_type":"article","og_title":"V\u00e4ggdekor med f\u00f6retagsprofil i Stockholm - MONROE DESIGN","og_description":"Vilket lyft det blir n\u00e4r f\u00f6retag v\u00e5gar satsa p\u00e5 profilerande v\u00e4ggdekor i sina lokaler! Pixpro hade vita v\u00e4ggar innan vi monterade dessa r\u00e4tt v\u00e5gade dekorer.","og_url":"https:\/\/monroedesign.se\/en\/vaggdekor-med-foretagsprofil-i-stockholm\/","og_site_name":"MONROE DESIGN","article_publisher":"https:\/\/www.facebook.com\/monroedesign.se","article_author":"https:\/\/www.facebook.com\/AngelaMonroeDESIGN\/","article_published_time":"2015-10-05T14:33:41+00:00","article_modified_time":"2016-08-23T22:12:49+00:00","author":"Monroe","twitter_card":"summary_large_image","twitter_title":"V\u00e4ggdekor med f\u00f6retagsprofil i Stockholm - MONROE DESIGN","twitter_description":"Vilket lyft det blir n\u00e4r f\u00f6retag v\u00e5gar satsa p\u00e5 profilerande v\u00e4ggdekor i sina lokaler! Pixpro hade vita v\u00e4ggar innan vi monterade dessa r\u00e4tt v\u00e5gade dekorer.","twitter_image":"https:\/\/monroedesign.se\/wp-content\/uploads\/\/2015\/10\/1200x628_pixpro_vaggdekal_monroedesign_fb.jpg","twitter_creator":"@MonroeOfSweden","twitter_site":"@MonroeOfSweden","twitter_misc":{"Written by":"Monroe","Est. reading time":"2 minutes"},"schema":{"@context":"https:\/\/schema.org","@graph":[{"@type":"Article","@id":"https:\/\/monroedesign.se\/en\/vaggdekor-med-foretagsprofil-i-stockholm\/#article","isPartOf":{"@id":"https:\/\/monroedesign.se\/en\/vaggdekor-med-foretagsprofil-i-stockholm\/"},"author":{"name":"Monroe","@id":"https:\/\/monroedesign.se\/en\/#\/schema\/person\/22231fcd12bd1d99ba2460ec2913e778"},"headline":"V\u00e4ggdekor med f\u00f6retagsprofil i Stockholm","datePublished":"2015-10-05T14:33:41+00:00","dateModified":"2016-08-23T22:12:49+00:00","mainEntityOfPage":{"@id":"https:\/\/monroedesign.se\/en\/vaggdekor-med-foretagsprofil-i-stockholm\/"},"wordCount":434,"commentCount":2,"publisher":{"@id":"https:\/\/monroedesign.se\/en\/#organization"},"image":{"@id":"https:\/\/monroedesign.se\/en\/vaggdekor-med-foretagsprofil-i-stockholm\/#primaryimage"},"thumbnailUrl":"https:\/\/monroedesign.se\/wp-content\/uploads\/2015\/10\/770_pixpro_logotyp_dekal_entre_monroedesign.jpg","keywords":["branding lokal Stockholm","f\u00f6retagsprofil lokal","Pixpro Stockholm","v\u00e4ggdekaler p\u00e5 Pixpro","varum\u00e4rkesprofil v\u00e4ggar"],"articleSection":["adobe illustrator","branding","butikdesign","design p\u00e5 glas","f\u00f6retagsprofil","grafisk design","grafisk profil","inredning i butik","logotyp","logotyp p\u00e5 v\u00e4gg Stockholm","m\u00e5lning","montage av v\u00e4ggdekor","montera v\u00e4ggdekor","okategoriserat","stockholm","trycksaker","unik &amp; annorlunda","utskuren vinyl","v\u00e4ggdekal","v\u00e4ggdekor","v\u00e4ggdekoration","v\u00e4ggm\u00e5lning","v\u00e4ggord","varum\u00e4rke","vektorgrafik"],"inLanguage":"en-US","potentialAction":[{"@type":"CommentAction","name":"Comment","target":["https:\/\/monroedesign.se\/en\/vaggdekor-med-foretagsprofil-i-stockholm\/#respond"]}]},{"@type":"WebPage","@id":"https:\/\/monroedesign.se\/en\/vaggdekor-med-foretagsprofil-i-stockholm\/","url":"https:\/\/monroedesign.se\/en\/vaggdekor-med-foretagsprofil-i-stockholm\/","name":"V\u00e4ggdekor f\u00f6retagsprofil i Stockholm - MONROE DESIGN","isPartOf":{"@id":"https:\/\/monroedesign.se\/en\/#website"},"primaryImageOfPage":{"@id":"https:\/\/monroedesign.se\/en\/vaggdekor-med-foretagsprofil-i-stockholm\/#primaryimage"},"image":{"@id":"https:\/\/monroedesign.se\/en\/vaggdekor-med-foretagsprofil-i-stockholm\/#primaryimage"},"thumbnailUrl":"https:\/\/monroedesign.se\/wp-content\/uploads\/2015\/10\/770_pixpro_logotyp_dekal_entre_monroedesign.jpg","datePublished":"2015-10-05T14:33:41+00:00","dateModified":"2016-08-23T22:12:49+00:00","description":"Vilket lyft det blir n\u00e4r f\u00f6retag v\u00e5gar satsa p\u00e5 profilerande v\u00e4ggdekor i sina lokaler! Pixpro hade vita v\u00e4ggar innan vi monterade dessa r\u00e4tt v\u00e5gade dekorer.","breadcrumb":{"@id":"https:\/\/monroedesign.se\/en\/vaggdekor-med-foretagsprofil-i-stockholm\/#breadcrumb"},"inLanguage":"en-US","potentialAction":[{"@type":"ReadAction","target":["https:\/\/monroedesign.se\/en\/vaggdekor-med-foretagsprofil-i-stockholm\/"]}]},{"@type":"ImageObject","inLanguage":"en-US","@id":"https:\/\/monroedesign.se\/en\/vaggdekor-med-foretagsprofil-i-stockholm\/#primaryimage","url":"https:\/\/monroedesign.se\/wp-content\/uploads\/2015\/10\/770_pixpro_logotyp_dekal_entre_monroedesign.jpg","contentUrl":"https:\/\/monroedesign.se\/wp-content\/uploads\/2015\/10\/770_pixpro_logotyp_dekal_entre_monroedesign.jpg","width":770,"height":475,"caption":"Profil v\u00e4ggdekor i entr\u00e9 hos f\u00f6retaget Pixpro i Stockholm - MONROE DESIGN"},{"@type":"BreadcrumbList","@id":"https:\/\/monroedesign.se\/en\/vaggdekor-med-foretagsprofil-i-stockholm\/#breadcrumb","itemListElement":[{"@type":"ListItem","position":1,"name":"Hem","item":"https:\/\/monroedesign.se\/en\/web-design-stockholm-graphic-design-decal-monroe-design-ab\/"},{"@type":"ListItem","position":2,"name":"V\u00e4ggdekor med f\u00f6retagsprofil i Stockholm"}]},{"@type":"WebSite","@id":"https:\/\/monroedesign.se\/en\/#website","url":"https:\/\/monroedesign.se\/en\/","name":"MONROE DESIGN","description":"Web design and graphic design of print in Stockholm","publisher":{"@id":"https:\/\/monroedesign.se\/en\/#organization"},"potentialAction":[{"@type":"SearchAction","target":{"@type":"EntryPoint","urlTemplate":"https:\/\/monroedesign.se\/en\/?s={search_term_string}"},"query-input":{"@type":"PropertyValueSpecification","valueRequired":true,"valueName":"search_term_string"}}],"inLanguage":"en-US"},{"@type":"Organization","@id":"https:\/\/monroedesign.se\/en\/#organization","name":"Monroe Design AB","url":"https:\/\/monroedesign.se\/en\/","logo":{"@type":"ImageObject","inLanguage":"en-US","@id":"https:\/\/monroedesign.se\/en\/#\/schema\/logo\/image\/","url":"https:\/\/monroedesign.se\/wp-content\/uploads\/2019\/07\/1040_monroe_design_logo_black_mint_hex.jpg","contentUrl":"https:\/\/monroedesign.se\/wp-content\/uploads\/2019\/07\/1040_monroe_design_logo_black_mint_hex.jpg","width":1040,"height":650,"caption":"Monroe Design AB"},"image":{"@id":"https:\/\/monroedesign.se\/en\/#\/schema\/logo\/image\/"},"sameAs":["https:\/\/www.facebook.com\/monroedesign.se","https:\/\/x.com\/MonroeOfSweden","https:\/\/www.instagram.com\/monroedesign\/","https:\/\/www.linkedin.com\/in\/monroedesign"]},{"@type":"Person","@id":"https:\/\/monroedesign.se\/en\/#\/schema\/person\/22231fcd12bd1d99ba2460ec2913e778","name":"Monroe","image":{"@type":"ImageObject","inLanguage":"en-US","@id":"https:\/\/secure.gravatar.com\/avatar\/047376de80362a4a74aefa8d5d3d924b6289cb726ab8b77677e46dc207bc8ef2?s=96&d=mm&r=g","url":"https:\/\/secure.gravatar.com\/avatar\/047376de80362a4a74aefa8d5d3d924b6289cb726ab8b77677e46dc207bc8ef2?s=96&d=mm&r=g","contentUrl":"https:\/\/secure.gravatar.com\/avatar\/047376de80362a4a74aefa8d5d3d924b6289cb726ab8b77677e46dc207bc8ef2?s=96&d=mm&r=g","caption":"Monroe"},"description":"Swedish graphic designer doing print, webdesign and custom wall decals.","sameAs":["https:\/\/monroedesign.se","https:\/\/www.facebook.com\/AngelaMonroeDESIGN\/","https:\/\/x.com\/@MonroeOfSweden"],"url":"https:\/\/monroedesign.se\/en\/author\/angela-monroe\/"}]}},"_links":{"self":[{"href":"https:\/\/monroedesign.se\/en\/wp-json\/wp\/v2\/posts\/26944","targetHints":{"allow":["GET"]}}],"collection":[{"href":"https:\/\/monroedesign.se\/en\/wp-json\/wp\/v2\/posts"}],"about":[{"href":"https:\/\/monroedesign.se\/en\/wp-json\/wp\/v2\/types\/post"}],"author":[{"embeddable":true,"href":"https:\/\/monroedesign.se\/en\/wp-json\/wp\/v2\/users\/3"}],"replies":[{"embeddable":true,"href":"https:\/\/monroedesign.se\/en\/wp-json\/wp\/v2\/comments?post=26944"}],"version-history":[{"count":0,"href":"https:\/\/monroedesign.se\/en\/wp-json\/wp\/v2\/posts\/26944\/revisions"}],"wp:featuredmedia":[{"embeddable":true,"href":"https:\/\/monroedesign.se\/en\/wp-json\/wp\/v2\/media\/26947"}],"wp:attachment":[{"href":"https:\/\/monroedesign.se\/en\/wp-json\/wp\/v2\/media?parent=26944"}],"wp:term":[{"taxonomy":"category","embeddable":true,"href":"https:\/\/monroedesign.se\/en\/wp-json\/wp\/v2\/categories?post=26944"},{"taxonomy":"post_tag","embeddable":true,"href":"https:\/\/monroedesign.se\/en\/wp-json\/wp\/v2\/tags?post=26944"}],"curies":[{"name":"wp","href":"https:\/\/api.w.org\/{rel}","templated":true}]}}