{"id":24540,"date":"2015-02-19T14:30:40","date_gmt":"2015-02-19T14:30:40","guid":{"rendered":"http:\/\/monroedesign.se\/?p=24540"},"modified":"2016-09-10T20:04:21","modified_gmt":"2016-09-10T20:04:21","slug":"retro-portratt-av-marilyn-monroe-som-vaggdekal","status":"publish","type":"post","link":"https:\/\/monroedesign.se\/en\/retro-portratt-av-marilyn-monroe-som-vaggdekal\/","title":{"rendered":"Retro portr\u00e4tt av Marilyn Monroe som v\u00e4ggdekal"},"content":{"rendered":"<div id=\"cs-content\" class=\"cs-content\"><\/div>\n","protected":false},"excerpt":{"rendered":"","protected":false},"author":3,"featured_media":29072,"comment_status":"open","ping_status":"open","sticky":false,"template":"","format":"standard","meta":{"footnotes":""},"categories":[899,14,1852,962,963,251,396,296,1434,26,404,1082,2099,335,832,415,1441,839,1053,854,992,993,994,347,376,437,817,1054,241,339,340,341,259,1018,1384,319],"tags":[2832,2828,2837,2829,2836,2830,2838,2834,2833,2831,2835],"class_list":["post-24540","post","type-post","status-publish","format-standard","has-post-thumbnail","hentry","category-butikdesign","category-design-sv","category-fonsterdekor-3","category-fonstergrafik","category-fonstervinyl","category-fototapet","category-heminredning","category-inredning-2","category-kitschigt","category-konst-sv","category-malning","category-montage-av-vaggdekor","category-montera-vaggdekor","category-mural","category-oberoende-design","category-produktdesign","category-retro","category-shabby-chic","category-shop","category-skandinavisk-design","category-skyltfonsterdekal","category-skyltfonsterdekor-3","category-skyltfonsterdesign","category-sovrum-sv","category-stockholm","category-svensk-design","category-unik-annorlunda","category-utskuren-vinyl","category-vaggdekor","category-vaggdekoration","category-vaggkonst","category-vaggmalning","category-vaggord","category-vektor-illustration","category-vektorgrafik","category-vintage-2","tag-filmstjarna-tavla","tag-marilyn-monroe","tag-marilyn-monroe-konst","tag-marilyn-monroe-painting","tag-marilyn-monroe-portratt","tag-marilyn-monroe-tavla","tag-marilyn-monroe-vaggdekal","tag-marilyn-monroe-wall-art","tag-marilyn-monroe-wallsticker","tag-monroe-konst","tag-monroe-wall-decal"],"yoast_head":"<!-- This site is optimized with the Yoast SEO plugin v27.3 - https:\/\/yoast.com\/product\/yoast-seo-wordpress\/ -->\n<title>Retro Marilyn Monroe portr\u00e4tt v\u00e4ggdekal \/ v\u00e4ggdekor \/ tavla<\/title>\n<meta name=\"description\" content=\"Grafiskt stilistisk version av den klassiska filmstj\u00e4rnan som sj\u00e4lvh\u00e4ftande v\u00e4ggdekor. Vill du hellre ha Marilyn som canvastavla, g\u00e5r det ocks\u00e5 att ordna.\" \/>\n<meta name=\"robots\" content=\"index, follow, max-snippet:-1, max-image-preview:large, max-video-preview:-1\" \/>\n<link rel=\"canonical\" href=\"https:\/\/monroedesign.se\/en\/retro-portratt-av-marilyn-monroe-som-vaggdekal\/\" \/>\n<meta property=\"og:locale\" content=\"en_US\" \/>\n<meta property=\"og:type\" content=\"article\" \/>\n<meta property=\"og:title\" content=\"Retro Marilyn Monroe portr\u00e4tt v\u00e4ggdekal\" \/>\n<meta property=\"og:description\" content=\"Grafiskt stilistisk version av den klassiska filmstj\u00e4rnan som sj\u00e4lvh\u00e4ftande v\u00e4ggdekor. Vill du hellre ha Marilyn som canvastavla, g\u00e5r det ocks\u00e5 att ordna.\" \/>\n<meta property=\"og:url\" content=\"https:\/\/monroedesign.se\/en\/retro-portratt-av-marilyn-monroe-som-vaggdekal\/\" \/>\n<meta property=\"og:site_name\" content=\"MONROE DESIGN\" \/>\n<meta property=\"article:publisher\" content=\"https:\/\/www.facebook.com\/monroedesign.se\" \/>\n<meta property=\"article:author\" content=\"https:\/\/www.facebook.com\/AngelaMonroeDESIGN\/\" \/>\n<meta property=\"article:published_time\" content=\"2015-02-19T14:30:40+00:00\" \/>\n<meta property=\"article:modified_time\" content=\"2016-09-10T20:04:21+00:00\" \/>\n<meta name=\"author\" content=\"Monroe\" \/>\n<meta name=\"twitter:card\" content=\"summary_large_image\" \/>\n<meta name=\"twitter:title\" content=\"Retro Marilyn Monroe portr\u00e4tt v\u00e4ggdekal\" \/>\n<meta name=\"twitter:description\" content=\"Grafiskt stilistisk version av den klassiska filmstj\u00e4rnan som sj\u00e4lvh\u00e4ftande v\u00e4ggdekor. Vill du hellre ha Marilyn som canvastavla, g\u00e5r det ocks\u00e5 att ordna.\" \/>\n<meta name=\"twitter:image\" content=\"https:\/\/monroedesign.se\/wp-content\/uploads\/\/2014\/12\/1040x650_walldecal_marilyn_monroe.jpg\" \/>\n<meta name=\"twitter:creator\" content=\"@MonroeOfSweden\" \/>\n<meta name=\"twitter:site\" content=\"@MonroeOfSweden\" \/>\n<meta name=\"twitter:label1\" content=\"Written by\" \/>\n\t<meta name=\"twitter:data1\" content=\"Monroe\" \/>\n\t<meta name=\"twitter:label2\" content=\"Est. reading time\" \/>\n\t<meta name=\"twitter:data2\" content=\"1 minute\" \/>\n<script type=\"application\/ld+json\" class=\"yoast-schema-graph\">{\"@context\":\"https:\\\/\\\/schema.org\",\"@graph\":[{\"@type\":\"Article\",\"@id\":\"https:\\\/\\\/monroedesign.se\\\/en\\\/retro-portratt-av-marilyn-monroe-som-vaggdekal\\\/#article\",\"isPartOf\":{\"@id\":\"https:\\\/\\\/monroedesign.se\\\/en\\\/retro-portratt-av-marilyn-monroe-som-vaggdekal\\\/\"},\"author\":{\"name\":\"Monroe\",\"@id\":\"https:\\\/\\\/monroedesign.se\\\/en\\\/#\\\/schema\\\/person\\\/22231fcd12bd1d99ba2460ec2913e778\"},\"headline\":\"Retro portr\u00e4tt av Marilyn Monroe som v\u00e4ggdekal\",\"datePublished\":\"2015-02-19T14:30:40+00:00\",\"dateModified\":\"2016-09-10T20:04:21+00:00\",\"mainEntityOfPage\":{\"@id\":\"https:\\\/\\\/monroedesign.se\\\/en\\\/retro-portratt-av-marilyn-monroe-som-vaggdekal\\\/\"},\"wordCount\":272,\"commentCount\":0,\"publisher\":{\"@id\":\"https:\\\/\\\/monroedesign.se\\\/en\\\/#organization\"},\"image\":{\"@id\":\"https:\\\/\\\/monroedesign.se\\\/en\\\/retro-portratt-av-marilyn-monroe-som-vaggdekal\\\/#primaryimage\"},\"thumbnailUrl\":\"https:\\\/\\\/monroedesign.se\\\/wp-content\\\/uploads\\\/2014\\\/12\\\/1040x650_walldecal_marilyn_monroe.jpg\",\"keywords\":[\"filmstj\u00e4rna tavla\",\"Marilyn Monroe\",\"Marilyn Monroe konst\",\"Marilyn Monroe painting\",\"Marilyn Monroe portr\u00e4tt\",\"Marilyn Monroe tavla\",\"Marilyn Monroe v\u00e4ggdekal\",\"Marilyn Monroe wall art\",\"Marilyn Monroe wallsticker\",\"Monroe konst\",\"Monroe wall decal\"],\"articleSection\":[\"butikdesign\",\"design\",\"f\u00f6nsterdekor\",\"f\u00f6nstergrafik\",\"f\u00f6nstervinyl\",\"fototapet\",\"heminredning\",\"inredning\",\"kitschigt\",\"konst\",\"m\u00e5lning\",\"montage av v\u00e4ggdekor\",\"montera v\u00e4ggdekor\",\"mural\",\"oberoende design\",\"produktdesign\",\"retro\",\"shabby chic\",\"shop\",\"skandinavisk design\",\"skyltf\u00f6nsterdekal\",\"skyltf\u00f6nsterdekor\",\"skyltf\u00f6nsterdesign\",\"sovrum\",\"stockholm\",\"svensk design\",\"unik &amp; annorlunda\",\"utskuren vinyl\",\"v\u00e4ggdekor\",\"v\u00e4ggdekoration\",\"v\u00e4ggkonst\",\"v\u00e4ggm\u00e5lning\",\"v\u00e4ggord\",\"vektor illustration\",\"vektorgrafik\",\"vintage\"],\"inLanguage\":\"en-US\",\"potentialAction\":[{\"@type\":\"CommentAction\",\"name\":\"Comment\",\"target\":[\"https:\\\/\\\/monroedesign.se\\\/en\\\/retro-portratt-av-marilyn-monroe-som-vaggdekal\\\/#respond\"]}]},{\"@type\":\"WebPage\",\"@id\":\"https:\\\/\\\/monroedesign.se\\\/en\\\/retro-portratt-av-marilyn-monroe-som-vaggdekal\\\/\",\"url\":\"https:\\\/\\\/monroedesign.se\\\/en\\\/retro-portratt-av-marilyn-monroe-som-vaggdekal\\\/\",\"name\":\"Retro Marilyn Monroe portr\u00e4tt v\u00e4ggdekal \\\/ v\u00e4ggdekor \\\/ tavla\",\"isPartOf\":{\"@id\":\"https:\\\/\\\/monroedesign.se\\\/en\\\/#website\"},\"primaryImageOfPage\":{\"@id\":\"https:\\\/\\\/monroedesign.se\\\/en\\\/retro-portratt-av-marilyn-monroe-som-vaggdekal\\\/#primaryimage\"},\"image\":{\"@id\":\"https:\\\/\\\/monroedesign.se\\\/en\\\/retro-portratt-av-marilyn-monroe-som-vaggdekal\\\/#primaryimage\"},\"thumbnailUrl\":\"https:\\\/\\\/monroedesign.se\\\/wp-content\\\/uploads\\\/2014\\\/12\\\/1040x650_walldecal_marilyn_monroe.jpg\",\"datePublished\":\"2015-02-19T14:30:40+00:00\",\"dateModified\":\"2016-09-10T20:04:21+00:00\",\"description\":\"Grafiskt stilistisk version av den klassiska filmstj\u00e4rnan som sj\u00e4lvh\u00e4ftande v\u00e4ggdekor. Vill du hellre ha Marilyn som canvastavla, g\u00e5r det ocks\u00e5 att ordna.\",\"breadcrumb\":{\"@id\":\"https:\\\/\\\/monroedesign.se\\\/en\\\/retro-portratt-av-marilyn-monroe-som-vaggdekal\\\/#breadcrumb\"},\"inLanguage\":\"en-US\",\"potentialAction\":[{\"@type\":\"ReadAction\",\"target\":[\"https:\\\/\\\/monroedesign.se\\\/en\\\/retro-portratt-av-marilyn-monroe-som-vaggdekal\\\/\"]}]},{\"@type\":\"ImageObject\",\"inLanguage\":\"en-US\",\"@id\":\"https:\\\/\\\/monroedesign.se\\\/en\\\/retro-portratt-av-marilyn-monroe-som-vaggdekal\\\/#primaryimage\",\"url\":\"https:\\\/\\\/monroedesign.se\\\/wp-content\\\/uploads\\\/2014\\\/12\\\/1040x650_walldecal_marilyn_monroe.jpg\",\"contentUrl\":\"https:\\\/\\\/monroedesign.se\\\/wp-content\\\/uploads\\\/2014\\\/12\\\/1040x650_walldecal_marilyn_monroe.jpg\",\"width\":1040,\"height\":650,\"caption\":\"Marilyn Monroe produkter inredning v\u00e4ggdekor - MONROE DESIGN\"},{\"@type\":\"BreadcrumbList\",\"@id\":\"https:\\\/\\\/monroedesign.se\\\/en\\\/retro-portratt-av-marilyn-monroe-som-vaggdekal\\\/#breadcrumb\",\"itemListElement\":[{\"@type\":\"ListItem\",\"position\":1,\"name\":\"Hem\",\"item\":\"https:\\\/\\\/monroedesign.se\\\/en\\\/web-design-stockholm-graphic-design-decal-monroe-design-ab\\\/\"},{\"@type\":\"ListItem\",\"position\":2,\"name\":\"Retro portr\u00e4tt av Marilyn Monroe som v\u00e4ggdekal\"}]},{\"@type\":\"WebSite\",\"@id\":\"https:\\\/\\\/monroedesign.se\\\/en\\\/#website\",\"url\":\"https:\\\/\\\/monroedesign.se\\\/en\\\/\",\"name\":\"MONROE DESIGN\",\"description\":\"Web design and graphic design of print in Stockholm\",\"publisher\":{\"@id\":\"https:\\\/\\\/monroedesign.se\\\/en\\\/#organization\"},\"potentialAction\":[{\"@type\":\"SearchAction\",\"target\":{\"@type\":\"EntryPoint\",\"urlTemplate\":\"https:\\\/\\\/monroedesign.se\\\/en\\\/?s={search_term_string}\"},\"query-input\":{\"@type\":\"PropertyValueSpecification\",\"valueRequired\":true,\"valueName\":\"search_term_string\"}}],\"inLanguage\":\"en-US\"},{\"@type\":\"Organization\",\"@id\":\"https:\\\/\\\/monroedesign.se\\\/en\\\/#organization\",\"name\":\"Monroe Design AB\",\"url\":\"https:\\\/\\\/monroedesign.se\\\/en\\\/\",\"logo\":{\"@type\":\"ImageObject\",\"inLanguage\":\"en-US\",\"@id\":\"https:\\\/\\\/monroedesign.se\\\/en\\\/#\\\/schema\\\/logo\\\/image\\\/\",\"url\":\"https:\\\/\\\/monroedesign.se\\\/wp-content\\\/uploads\\\/2019\\\/07\\\/1040_monroe_design_logo_black_mint_hex.jpg\",\"contentUrl\":\"https:\\\/\\\/monroedesign.se\\\/wp-content\\\/uploads\\\/2019\\\/07\\\/1040_monroe_design_logo_black_mint_hex.jpg\",\"width\":1040,\"height\":650,\"caption\":\"Monroe Design AB\"},\"image\":{\"@id\":\"https:\\\/\\\/monroedesign.se\\\/en\\\/#\\\/schema\\\/logo\\\/image\\\/\"},\"sameAs\":[\"https:\\\/\\\/www.facebook.com\\\/monroedesign.se\",\"https:\\\/\\\/x.com\\\/MonroeOfSweden\",\"https:\\\/\\\/www.instagram.com\\\/monroedesign\\\/\",\"https:\\\/\\\/www.linkedin.com\\\/in\\\/monroedesign\"]},{\"@type\":\"Person\",\"@id\":\"https:\\\/\\\/monroedesign.se\\\/en\\\/#\\\/schema\\\/person\\\/22231fcd12bd1d99ba2460ec2913e778\",\"name\":\"Monroe\",\"image\":{\"@type\":\"ImageObject\",\"inLanguage\":\"en-US\",\"@id\":\"https:\\\/\\\/secure.gravatar.com\\\/avatar\\\/047376de80362a4a74aefa8d5d3d924b6289cb726ab8b77677e46dc207bc8ef2?s=96&d=mm&r=g\",\"url\":\"https:\\\/\\\/secure.gravatar.com\\\/avatar\\\/047376de80362a4a74aefa8d5d3d924b6289cb726ab8b77677e46dc207bc8ef2?s=96&d=mm&r=g\",\"contentUrl\":\"https:\\\/\\\/secure.gravatar.com\\\/avatar\\\/047376de80362a4a74aefa8d5d3d924b6289cb726ab8b77677e46dc207bc8ef2?s=96&d=mm&r=g\",\"caption\":\"Monroe\"},\"description\":\"Swedish graphic designer doing print, webdesign and custom wall decals.\",\"sameAs\":[\"https:\\\/\\\/monroedesign.se\",\"https:\\\/\\\/www.facebook.com\\\/AngelaMonroeDESIGN\\\/\",\"https:\\\/\\\/x.com\\\/@MonroeOfSweden\"],\"url\":\"https:\\\/\\\/monroedesign.se\\\/en\\\/author\\\/angela-monroe\\\/\"}]}<\/script>\n<!-- \/ Yoast SEO plugin. -->","yoast_head_json":{"title":"Retro Marilyn Monroe portr\u00e4tt v\u00e4ggdekal \/ v\u00e4ggdekor \/ tavla","description":"Grafiskt stilistisk version av den klassiska filmstj\u00e4rnan som sj\u00e4lvh\u00e4ftande v\u00e4ggdekor. Vill du hellre ha Marilyn som canvastavla, g\u00e5r det ocks\u00e5 att ordna.","robots":{"index":"index","follow":"follow","max-snippet":"max-snippet:-1","max-image-preview":"max-image-preview:large","max-video-preview":"max-video-preview:-1"},"canonical":"https:\/\/monroedesign.se\/en\/retro-portratt-av-marilyn-monroe-som-vaggdekal\/","og_locale":"en_US","og_type":"article","og_title":"Retro Marilyn Monroe portr\u00e4tt v\u00e4ggdekal","og_description":"Grafiskt stilistisk version av den klassiska filmstj\u00e4rnan som sj\u00e4lvh\u00e4ftande v\u00e4ggdekor. Vill du hellre ha Marilyn som canvastavla, g\u00e5r det ocks\u00e5 att ordna.","og_url":"https:\/\/monroedesign.se\/en\/retro-portratt-av-marilyn-monroe-som-vaggdekal\/","og_site_name":"MONROE DESIGN","article_publisher":"https:\/\/www.facebook.com\/monroedesign.se","article_author":"https:\/\/www.facebook.com\/AngelaMonroeDESIGN\/","article_published_time":"2015-02-19T14:30:40+00:00","article_modified_time":"2016-09-10T20:04:21+00:00","author":"Monroe","twitter_card":"summary_large_image","twitter_title":"Retro Marilyn Monroe portr\u00e4tt v\u00e4ggdekal","twitter_description":"Grafiskt stilistisk version av den klassiska filmstj\u00e4rnan som sj\u00e4lvh\u00e4ftande v\u00e4ggdekor. Vill du hellre ha Marilyn som canvastavla, g\u00e5r det ocks\u00e5 att ordna.","twitter_image":"https:\/\/monroedesign.se\/wp-content\/uploads\/\/2014\/12\/1040x650_walldecal_marilyn_monroe.jpg","twitter_creator":"@MonroeOfSweden","twitter_site":"@MonroeOfSweden","twitter_misc":{"Written by":"Monroe","Est. reading time":"1 minute"},"schema":{"@context":"https:\/\/schema.org","@graph":[{"@type":"Article","@id":"https:\/\/monroedesign.se\/en\/retro-portratt-av-marilyn-monroe-som-vaggdekal\/#article","isPartOf":{"@id":"https:\/\/monroedesign.se\/en\/retro-portratt-av-marilyn-monroe-som-vaggdekal\/"},"author":{"name":"Monroe","@id":"https:\/\/monroedesign.se\/en\/#\/schema\/person\/22231fcd12bd1d99ba2460ec2913e778"},"headline":"Retro portr\u00e4tt av Marilyn Monroe som v\u00e4ggdekal","datePublished":"2015-02-19T14:30:40+00:00","dateModified":"2016-09-10T20:04:21+00:00","mainEntityOfPage":{"@id":"https:\/\/monroedesign.se\/en\/retro-portratt-av-marilyn-monroe-som-vaggdekal\/"},"wordCount":272,"commentCount":0,"publisher":{"@id":"https:\/\/monroedesign.se\/en\/#organization"},"image":{"@id":"https:\/\/monroedesign.se\/en\/retro-portratt-av-marilyn-monroe-som-vaggdekal\/#primaryimage"},"thumbnailUrl":"https:\/\/monroedesign.se\/wp-content\/uploads\/2014\/12\/1040x650_walldecal_marilyn_monroe.jpg","keywords":["filmstj\u00e4rna tavla","Marilyn Monroe","Marilyn Monroe konst","Marilyn Monroe painting","Marilyn Monroe portr\u00e4tt","Marilyn Monroe tavla","Marilyn Monroe v\u00e4ggdekal","Marilyn Monroe wall art","Marilyn Monroe wallsticker","Monroe konst","Monroe wall decal"],"articleSection":["butikdesign","design","f\u00f6nsterdekor","f\u00f6nstergrafik","f\u00f6nstervinyl","fototapet","heminredning","inredning","kitschigt","konst","m\u00e5lning","montage av v\u00e4ggdekor","montera v\u00e4ggdekor","mural","oberoende design","produktdesign","retro","shabby chic","shop","skandinavisk design","skyltf\u00f6nsterdekal","skyltf\u00f6nsterdekor","skyltf\u00f6nsterdesign","sovrum","stockholm","svensk design","unik &amp; annorlunda","utskuren vinyl","v\u00e4ggdekor","v\u00e4ggdekoration","v\u00e4ggkonst","v\u00e4ggm\u00e5lning","v\u00e4ggord","vektor illustration","vektorgrafik","vintage"],"inLanguage":"en-US","potentialAction":[{"@type":"CommentAction","name":"Comment","target":["https:\/\/monroedesign.se\/en\/retro-portratt-av-marilyn-monroe-som-vaggdekal\/#respond"]}]},{"@type":"WebPage","@id":"https:\/\/monroedesign.se\/en\/retro-portratt-av-marilyn-monroe-som-vaggdekal\/","url":"https:\/\/monroedesign.se\/en\/retro-portratt-av-marilyn-monroe-som-vaggdekal\/","name":"Retro Marilyn Monroe portr\u00e4tt v\u00e4ggdekal \/ v\u00e4ggdekor \/ tavla","isPartOf":{"@id":"https:\/\/monroedesign.se\/en\/#website"},"primaryImageOfPage":{"@id":"https:\/\/monroedesign.se\/en\/retro-portratt-av-marilyn-monroe-som-vaggdekal\/#primaryimage"},"image":{"@id":"https:\/\/monroedesign.se\/en\/retro-portratt-av-marilyn-monroe-som-vaggdekal\/#primaryimage"},"thumbnailUrl":"https:\/\/monroedesign.se\/wp-content\/uploads\/2014\/12\/1040x650_walldecal_marilyn_monroe.jpg","datePublished":"2015-02-19T14:30:40+00:00","dateModified":"2016-09-10T20:04:21+00:00","description":"Grafiskt stilistisk version av den klassiska filmstj\u00e4rnan som sj\u00e4lvh\u00e4ftande v\u00e4ggdekor. Vill du hellre ha Marilyn som canvastavla, g\u00e5r det ocks\u00e5 att ordna.","breadcrumb":{"@id":"https:\/\/monroedesign.se\/en\/retro-portratt-av-marilyn-monroe-som-vaggdekal\/#breadcrumb"},"inLanguage":"en-US","potentialAction":[{"@type":"ReadAction","target":["https:\/\/monroedesign.se\/en\/retro-portratt-av-marilyn-monroe-som-vaggdekal\/"]}]},{"@type":"ImageObject","inLanguage":"en-US","@id":"https:\/\/monroedesign.se\/en\/retro-portratt-av-marilyn-monroe-som-vaggdekal\/#primaryimage","url":"https:\/\/monroedesign.se\/wp-content\/uploads\/2014\/12\/1040x650_walldecal_marilyn_monroe.jpg","contentUrl":"https:\/\/monroedesign.se\/wp-content\/uploads\/2014\/12\/1040x650_walldecal_marilyn_monroe.jpg","width":1040,"height":650,"caption":"Marilyn Monroe produkter inredning v\u00e4ggdekor - MONROE DESIGN"},{"@type":"BreadcrumbList","@id":"https:\/\/monroedesign.se\/en\/retro-portratt-av-marilyn-monroe-som-vaggdekal\/#breadcrumb","itemListElement":[{"@type":"ListItem","position":1,"name":"Hem","item":"https:\/\/monroedesign.se\/en\/web-design-stockholm-graphic-design-decal-monroe-design-ab\/"},{"@type":"ListItem","position":2,"name":"Retro portr\u00e4tt av Marilyn Monroe som v\u00e4ggdekal"}]},{"@type":"WebSite","@id":"https:\/\/monroedesign.se\/en\/#website","url":"https:\/\/monroedesign.se\/en\/","name":"MONROE DESIGN","description":"Web design and graphic design of print in Stockholm","publisher":{"@id":"https:\/\/monroedesign.se\/en\/#organization"},"potentialAction":[{"@type":"SearchAction","target":{"@type":"EntryPoint","urlTemplate":"https:\/\/monroedesign.se\/en\/?s={search_term_string}"},"query-input":{"@type":"PropertyValueSpecification","valueRequired":true,"valueName":"search_term_string"}}],"inLanguage":"en-US"},{"@type":"Organization","@id":"https:\/\/monroedesign.se\/en\/#organization","name":"Monroe Design AB","url":"https:\/\/monroedesign.se\/en\/","logo":{"@type":"ImageObject","inLanguage":"en-US","@id":"https:\/\/monroedesign.se\/en\/#\/schema\/logo\/image\/","url":"https:\/\/monroedesign.se\/wp-content\/uploads\/2019\/07\/1040_monroe_design_logo_black_mint_hex.jpg","contentUrl":"https:\/\/monroedesign.se\/wp-content\/uploads\/2019\/07\/1040_monroe_design_logo_black_mint_hex.jpg","width":1040,"height":650,"caption":"Monroe Design AB"},"image":{"@id":"https:\/\/monroedesign.se\/en\/#\/schema\/logo\/image\/"},"sameAs":["https:\/\/www.facebook.com\/monroedesign.se","https:\/\/x.com\/MonroeOfSweden","https:\/\/www.instagram.com\/monroedesign\/","https:\/\/www.linkedin.com\/in\/monroedesign"]},{"@type":"Person","@id":"https:\/\/monroedesign.se\/en\/#\/schema\/person\/22231fcd12bd1d99ba2460ec2913e778","name":"Monroe","image":{"@type":"ImageObject","inLanguage":"en-US","@id":"https:\/\/secure.gravatar.com\/avatar\/047376de80362a4a74aefa8d5d3d924b6289cb726ab8b77677e46dc207bc8ef2?s=96&d=mm&r=g","url":"https:\/\/secure.gravatar.com\/avatar\/047376de80362a4a74aefa8d5d3d924b6289cb726ab8b77677e46dc207bc8ef2?s=96&d=mm&r=g","contentUrl":"https:\/\/secure.gravatar.com\/avatar\/047376de80362a4a74aefa8d5d3d924b6289cb726ab8b77677e46dc207bc8ef2?s=96&d=mm&r=g","caption":"Monroe"},"description":"Swedish graphic designer doing print, webdesign and custom wall decals.","sameAs":["https:\/\/monroedesign.se","https:\/\/www.facebook.com\/AngelaMonroeDESIGN\/","https:\/\/x.com\/@MonroeOfSweden"],"url":"https:\/\/monroedesign.se\/en\/author\/angela-monroe\/"}]}},"_links":{"self":[{"href":"https:\/\/monroedesign.se\/en\/wp-json\/wp\/v2\/posts\/24540","targetHints":{"allow":["GET"]}}],"collection":[{"href":"https:\/\/monroedesign.se\/en\/wp-json\/wp\/v2\/posts"}],"about":[{"href":"https:\/\/monroedesign.se\/en\/wp-json\/wp\/v2\/types\/post"}],"author":[{"embeddable":true,"href":"https:\/\/monroedesign.se\/en\/wp-json\/wp\/v2\/users\/3"}],"replies":[{"embeddable":true,"href":"https:\/\/monroedesign.se\/en\/wp-json\/wp\/v2\/comments?post=24540"}],"version-history":[{"count":0,"href":"https:\/\/monroedesign.se\/en\/wp-json\/wp\/v2\/posts\/24540\/revisions"}],"wp:featuredmedia":[{"embeddable":true,"href":"https:\/\/monroedesign.se\/en\/wp-json\/wp\/v2\/media\/29072"}],"wp:attachment":[{"href":"https:\/\/monroedesign.se\/en\/wp-json\/wp\/v2\/media?parent=24540"}],"wp:term":[{"taxonomy":"category","embeddable":true,"href":"https:\/\/monroedesign.se\/en\/wp-json\/wp\/v2\/categories?post=24540"},{"taxonomy":"post_tag","embeddable":true,"href":"https:\/\/monroedesign.se\/en\/wp-json\/wp\/v2\/tags?post=24540"}],"curies":[{"name":"wp","href":"https:\/\/api.w.org\/{rel}","templated":true}]}}